{"id":28049,"date":"2024-06-05T09:58:05","date_gmt":"2024-06-05T16:58:05","guid":{"rendered":"https:\/\/nationalcablespecialists.ca\/news\/nouveau-directeur-des-ventes-est-du-canada\/"},"modified":"2024-06-05T10:04:16","modified_gmt":"2024-06-05T17:04:16","slug":"nouveau-directeur-des-ventes-est-du-canada","status":"publish","type":"post","link":"https:\/\/nationalcablespecialists.ca\/fr\/news\/nouveau-directeur-des-ventes-est-du-canada\/","title":{"rendered":"Nouveau directeur des ventes &#8211; Est du Canada"},"content":{"rendered":"\t\t<div data-elementor-type=\"wp-post\" data-elementor-id=\"28049\" class=\"elementor elementor-28049 elementor-28034\" data-elementor-post-type=\"post\">\n\t\t\t\t<div class=\"elementor-element elementor-element-6719a87 e-flex e-con-boxed e-con e-parent\" data-id=\"6719a87\" data-element_type=\"container\" data-settings=\"{&quot;jet_parallax_layout_list&quot;:[]}\">\n\t\t\t\t\t<div class=\"e-con-inner\">\n\t\t<div class=\"elementor-element elementor-element-e4d7c66 e-con-full e-flex e-con e-child\" data-id=\"e4d7c66\" data-element_type=\"container\" data-settings=\"{&quot;jet_parallax_layout_list&quot;:[]}\">\n\t\t\t\t<div class=\"elementor-element elementor-element-d8903bb elementor-widget elementor-widget-image\" data-id=\"d8903bb\" data-element_type=\"widget\" data-widget_type=\"image.default\">\n\t\t\t\t<div class=\"elementor-widget-container\">\n\t\t\t\t\t\t\t\t\t\t\t\t\t\t\t\t<a href=\"https:\/\/nationalcablespecialists.ca\/wp-content\/uploads\/2024\/06\/NCS-New-Appointment-External-Announcement-GHebert-FR.pdf\">\n\t\t\t\t\t\t\t<img fetchpriority=\"high\" decoding=\"async\" width=\"800\" height=\"416\" src=\"https:\/\/nationalcablespecialists.ca\/wp-content\/uploads\/2024\/06\/NCS-SM-Post-FR-GHebert.jpg\" class=\"attachment-large size-large wp-image-28053\" alt=\"\" srcset=\"https:\/\/nationalcablespecialists.ca\/wp-content\/uploads\/2024\/06\/NCS-SM-Post-FR-GHebert.jpg 990w, https:\/\/nationalcablespecialists.ca\/wp-content\/uploads\/2024\/06\/NCS-SM-Post-FR-GHebert-300x156.jpg 300w, https:\/\/nationalcablespecialists.ca\/wp-content\/uploads\/2024\/06\/NCS-SM-Post-FR-GHebert-768x400.jpg 768w, https:\/\/nationalcablespecialists.ca\/wp-content\/uploads\/2024\/06\/NCS-SM-Post-FR-GHebert-600x312.jpg 600w\" sizes=\"(max-width: 800px) 100vw, 800px\" \/>\t\t\t\t\t\t\t\t<\/a>\n\t\t\t\t\t\t\t\t\t\t\t\t\t\t\t<\/div>\n\t\t\t\t<\/div>\n\t\t\t\t<\/div>\n\t\t<div class=\"elementor-element elementor-element-9c5a385 e-con-full e-flex e-con e-child\" data-id=\"9c5a385\" data-element_type=\"container\" data-settings=\"{&quot;jet_parallax_layout_list&quot;:[]}\">\n\t\t\t\t<div class=\"elementor-element elementor-element-7bda544 elementor-widget elementor-widget-text-editor\" data-id=\"7bda544\" data-element_type=\"widget\" data-widget_type=\"text-editor.default\">\n\t\t\t\t<div class=\"elementor-widget-container\">\n\t\t\t\t\t\t\t\t\t<p>Veuillez vous joindre \u00e0 nous pour souhaiter la bienvenue \u00e0 notre nouveau directeur des ventes de l\u2019Est du Canada.<\/p><p><a href=\"https:\/\/nationalcablespecialists.ca\/wp-content\/uploads\/2024\/06\/NCS-New-Appointment-External-Announcement-GHebert-FR.pdf\">Pour en savoir plus<\/a><\/p>\t\t\t\t\t\t\t\t<\/div>\n\t\t\t\t<\/div>\n\t\t\t\t<\/div>\n\t\t\t\t\t<\/div>\n\t\t\t\t<\/div>\n\t\t\t\t<\/div>\n\t\t","protected":false},"excerpt":{"rendered":"<p>Veuillez vous joindre \u00e0 nous pour souhaiter la bienvenue \u00e0 notre nouveau directeur des ventes de l\u2019Est du Canada. Pour en savoir plus<\/p>\n","protected":false},"author":2,"featured_media":0,"comment_status":"closed","ping_status":"closed","sticky":false,"template":"","format":"standard","meta":{"_acf_changed":false,"footnotes":""},"categories":[1245],"tags":[],"class_list":["post-28049","post","type-post","status-publish","format-standard","hentry","category-nouvelle-nomination"],"acf":[],"yoast_head":"<!-- This site is optimized with the Yoast SEO plugin v26.2 - https:\/\/yoast.com\/wordpress\/plugins\/seo\/ -->\n<title>Nouveau directeur des ventes - Est du Canada - National Cable Specialists<\/title>\n<meta name=\"robots\" content=\"index, follow, max-snippet:-1, max-image-preview:large, max-video-preview:-1\" \/>\n<link rel=\"canonical\" href=\"https:\/\/nationalcablespecialists.ca\/fr\/news\/nouveau-directeur-des-ventes-est-du-canada\/\" \/>\n<meta property=\"og:locale\" content=\"fr_FR\" \/>\n<meta property=\"og:type\" content=\"article\" \/>\n<meta property=\"og:title\" content=\"Nouveau directeur des ventes - Est du Canada - National Cable Specialists\" \/>\n<meta property=\"og:description\" content=\"Veuillez vous joindre \u00e0 nous pour souhaiter la bienvenue \u00e0 notre nouveau directeur des ventes de l\u2019Est du Canada. Pour en savoir plus\" \/>\n<meta property=\"og:url\" content=\"https:\/\/nationalcablespecialists.ca\/fr\/news\/nouveau-directeur-des-ventes-est-du-canada\/\" \/>\n<meta property=\"og:site_name\" content=\"National Cable Specialists\" \/>\n<meta property=\"article:published_time\" content=\"2024-06-05T16:58:05+00:00\" \/>\n<meta property=\"article:modified_time\" content=\"2024-06-05T17:04:16+00:00\" \/>\n<meta property=\"og:image\" content=\"https:\/\/nationalcablespecialists.ca\/wp-content\/uploads\/2024\/06\/NCS-SM-Post-FR-GHebert.jpg\" \/>\n<meta name=\"author\" content=\"ncs23x03b2h\" \/>\n<meta name=\"twitter:card\" content=\"summary_large_image\" \/>\n<meta name=\"twitter:label1\" content=\"\u00c9crit par\" \/>\n\t<meta name=\"twitter:data1\" content=\"ncs23x03b2h\" \/>\n\t<meta name=\"twitter:label2\" content=\"Dur\u00e9e de lecture estim\u00e9e\" \/>\n\t<meta name=\"twitter:data2\" content=\"1 minute\" \/>\n<script type=\"application\/ld+json\" class=\"yoast-schema-graph\">{\"@context\":\"https:\/\/schema.org\",\"@graph\":[{\"@type\":\"Article\",\"@id\":\"https:\/\/nationalcablespecialists.ca\/fr\/news\/nouveau-directeur-des-ventes-est-du-canada\/#article\",\"isPartOf\":{\"@id\":\"https:\/\/nationalcablespecialists.ca\/fr\/news\/nouveau-directeur-des-ventes-est-du-canada\/\"},\"author\":{\"name\":\"ncs23x03b2h\",\"@id\":\"https:\/\/nationalcablespecialists.ca\/fr\/#\/schema\/person\/972bc97f1958ab02f6fe45ce43fac087\"},\"headline\":\"Nouveau directeur des ventes &#8211; Est du Canada\",\"datePublished\":\"2024-06-05T16:58:05+00:00\",\"dateModified\":\"2024-06-05T17:04:16+00:00\",\"mainEntityOfPage\":{\"@id\":\"https:\/\/nationalcablespecialists.ca\/fr\/news\/nouveau-directeur-des-ventes-est-du-canada\/\"},\"wordCount\":30,\"publisher\":{\"@id\":\"https:\/\/nationalcablespecialists.ca\/fr\/#organization\"},\"image\":{\"@id\":\"https:\/\/nationalcablespecialists.ca\/fr\/news\/nouveau-directeur-des-ventes-est-du-canada\/#primaryimage\"},\"thumbnailUrl\":\"https:\/\/nationalcablespecialists.ca\/wp-content\/uploads\/2024\/06\/NCS-SM-Post-FR-GHebert.jpg\",\"articleSection\":[\"Nouvelle nomination\"],\"inLanguage\":\"fr-FR\"},{\"@type\":\"WebPage\",\"@id\":\"https:\/\/nationalcablespecialists.ca\/fr\/news\/nouveau-directeur-des-ventes-est-du-canada\/\",\"url\":\"https:\/\/nationalcablespecialists.ca\/fr\/news\/nouveau-directeur-des-ventes-est-du-canada\/\",\"name\":\"Nouveau directeur des ventes - Est du Canada - National Cable Specialists\",\"isPartOf\":{\"@id\":\"https:\/\/nationalcablespecialists.ca\/fr\/#website\"},\"primaryImageOfPage\":{\"@id\":\"https:\/\/nationalcablespecialists.ca\/fr\/news\/nouveau-directeur-des-ventes-est-du-canada\/#primaryimage\"},\"image\":{\"@id\":\"https:\/\/nationalcablespecialists.ca\/fr\/news\/nouveau-directeur-des-ventes-est-du-canada\/#primaryimage\"},\"thumbnailUrl\":\"https:\/\/nationalcablespecialists.ca\/wp-content\/uploads\/2024\/06\/NCS-SM-Post-FR-GHebert.jpg\",\"datePublished\":\"2024-06-05T16:58:05+00:00\",\"dateModified\":\"2024-06-05T17:04:16+00:00\",\"inLanguage\":\"fr-FR\",\"potentialAction\":[{\"@type\":\"ReadAction\",\"target\":[\"https:\/\/nationalcablespecialists.ca\/fr\/news\/nouveau-directeur-des-ventes-est-du-canada\/\"]}]},{\"@type\":\"ImageObject\",\"inLanguage\":\"fr-FR\",\"@id\":\"https:\/\/nationalcablespecialists.ca\/fr\/news\/nouveau-directeur-des-ventes-est-du-canada\/#primaryimage\",\"url\":\"https:\/\/nationalcablespecialists.ca\/wp-content\/uploads\/2024\/06\/NCS-SM-Post-FR-GHebert.jpg\",\"contentUrl\":\"https:\/\/nationalcablespecialists.ca\/wp-content\/uploads\/2024\/06\/NCS-SM-Post-FR-GHebert.jpg\"},{\"@type\":\"WebSite\",\"@id\":\"https:\/\/nationalcablespecialists.ca\/fr\/#website\",\"url\":\"https:\/\/nationalcablespecialists.ca\/fr\/\",\"name\":\"National Cable Specialists\",\"description\":\"\",\"publisher\":{\"@id\":\"https:\/\/nationalcablespecialists.ca\/fr\/#organization\"},\"potentialAction\":[{\"@type\":\"SearchAction\",\"target\":{\"@type\":\"EntryPoint\",\"urlTemplate\":\"https:\/\/nationalcablespecialists.ca\/fr\/?s={search_term_string}\"},\"query-input\":{\"@type\":\"PropertyValueSpecification\",\"valueRequired\":true,\"valueName\":\"search_term_string\"}}],\"inLanguage\":\"fr-FR\"},{\"@type\":\"Organization\",\"@id\":\"https:\/\/nationalcablespecialists.ca\/fr\/#organization\",\"name\":\"National Cable Specialists\",\"url\":\"https:\/\/nationalcablespecialists.ca\/fr\/\",\"logo\":{\"@type\":\"ImageObject\",\"inLanguage\":\"fr-FR\",\"@id\":\"https:\/\/nationalcablespecialists.ca\/fr\/#\/schema\/logo\/image\/\",\"url\":\"https:\/\/nationalcablespecialists.ca\/wp-content\/uploads\/2023\/01\/NCS_Lrg_Logo.png\",\"contentUrl\":\"https:\/\/nationalcablespecialists.ca\/wp-content\/uploads\/2023\/01\/NCS_Lrg_Logo.png\",\"width\":1600,\"height\":840,\"caption\":\"National Cable Specialists\"},\"image\":{\"@id\":\"https:\/\/nationalcablespecialists.ca\/fr\/#\/schema\/logo\/image\/\"}},{\"@type\":\"Person\",\"@id\":\"https:\/\/nationalcablespecialists.ca\/fr\/#\/schema\/person\/972bc97f1958ab02f6fe45ce43fac087\",\"name\":\"ncs23x03b2h\",\"image\":{\"@type\":\"ImageObject\",\"inLanguage\":\"fr-FR\",\"@id\":\"https:\/\/nationalcablespecialists.ca\/fr\/#\/schema\/person\/image\/\",\"url\":\"https:\/\/secure.gravatar.com\/avatar\/0462889076e9ea93613c09acc97881c936c30aafcf071f810e9991319d055366?s=96&d=mm&r=g\",\"contentUrl\":\"https:\/\/secure.gravatar.com\/avatar\/0462889076e9ea93613c09acc97881c936c30aafcf071f810e9991319d055366?s=96&d=mm&r=g\",\"caption\":\"ncs23x03b2h\"}}]}<\/script>\n<!-- \/ Yoast SEO plugin. -->","yoast_head_json":{"title":"Nouveau directeur des ventes - Est du Canada - National Cable Specialists","robots":{"index":"index","follow":"follow","max-snippet":"max-snippet:-1","max-image-preview":"max-image-preview:large","max-video-preview":"max-video-preview:-1"},"canonical":"https:\/\/nationalcablespecialists.ca\/fr\/news\/nouveau-directeur-des-ventes-est-du-canada\/","og_locale":"fr_FR","og_type":"article","og_title":"Nouveau directeur des ventes - Est du Canada - National Cable Specialists","og_description":"Veuillez vous joindre \u00e0 nous pour souhaiter la bienvenue \u00e0 notre nouveau directeur des ventes de l\u2019Est du Canada. Pour en savoir plus","og_url":"https:\/\/nationalcablespecialists.ca\/fr\/news\/nouveau-directeur-des-ventes-est-du-canada\/","og_site_name":"National Cable Specialists","article_published_time":"2024-06-05T16:58:05+00:00","article_modified_time":"2024-06-05T17:04:16+00:00","og_image":[{"url":"https:\/\/nationalcablespecialists.ca\/wp-content\/uploads\/2024\/06\/NCS-SM-Post-FR-GHebert.jpg","type":"","width":"","height":""}],"author":"ncs23x03b2h","twitter_card":"summary_large_image","twitter_misc":{"\u00c9crit par":"ncs23x03b2h","Dur\u00e9e de lecture estim\u00e9e":"1 minute"},"schema":{"@context":"https:\/\/schema.org","@graph":[{"@type":"Article","@id":"https:\/\/nationalcablespecialists.ca\/fr\/news\/nouveau-directeur-des-ventes-est-du-canada\/#article","isPartOf":{"@id":"https:\/\/nationalcablespecialists.ca\/fr\/news\/nouveau-directeur-des-ventes-est-du-canada\/"},"author":{"name":"ncs23x03b2h","@id":"https:\/\/nationalcablespecialists.ca\/fr\/#\/schema\/person\/972bc97f1958ab02f6fe45ce43fac087"},"headline":"Nouveau directeur des ventes &#8211; Est du Canada","datePublished":"2024-06-05T16:58:05+00:00","dateModified":"2024-06-05T17:04:16+00:00","mainEntityOfPage":{"@id":"https:\/\/nationalcablespecialists.ca\/fr\/news\/nouveau-directeur-des-ventes-est-du-canada\/"},"wordCount":30,"publisher":{"@id":"https:\/\/nationalcablespecialists.ca\/fr\/#organization"},"image":{"@id":"https:\/\/nationalcablespecialists.ca\/fr\/news\/nouveau-directeur-des-ventes-est-du-canada\/#primaryimage"},"thumbnailUrl":"https:\/\/nationalcablespecialists.ca\/wp-content\/uploads\/2024\/06\/NCS-SM-Post-FR-GHebert.jpg","articleSection":["Nouvelle nomination"],"inLanguage":"fr-FR"},{"@type":"WebPage","@id":"https:\/\/nationalcablespecialists.ca\/fr\/news\/nouveau-directeur-des-ventes-est-du-canada\/","url":"https:\/\/nationalcablespecialists.ca\/fr\/news\/nouveau-directeur-des-ventes-est-du-canada\/","name":"Nouveau directeur des ventes - Est du Canada - National Cable Specialists","isPartOf":{"@id":"https:\/\/nationalcablespecialists.ca\/fr\/#website"},"primaryImageOfPage":{"@id":"https:\/\/nationalcablespecialists.ca\/fr\/news\/nouveau-directeur-des-ventes-est-du-canada\/#primaryimage"},"image":{"@id":"https:\/\/nationalcablespecialists.ca\/fr\/news\/nouveau-directeur-des-ventes-est-du-canada\/#primaryimage"},"thumbnailUrl":"https:\/\/nationalcablespecialists.ca\/wp-content\/uploads\/2024\/06\/NCS-SM-Post-FR-GHebert.jpg","datePublished":"2024-06-05T16:58:05+00:00","dateModified":"2024-06-05T17:04:16+00:00","inLanguage":"fr-FR","potentialAction":[{"@type":"ReadAction","target":["https:\/\/nationalcablespecialists.ca\/fr\/news\/nouveau-directeur-des-ventes-est-du-canada\/"]}]},{"@type":"ImageObject","inLanguage":"fr-FR","@id":"https:\/\/nationalcablespecialists.ca\/fr\/news\/nouveau-directeur-des-ventes-est-du-canada\/#primaryimage","url":"https:\/\/nationalcablespecialists.ca\/wp-content\/uploads\/2024\/06\/NCS-SM-Post-FR-GHebert.jpg","contentUrl":"https:\/\/nationalcablespecialists.ca\/wp-content\/uploads\/2024\/06\/NCS-SM-Post-FR-GHebert.jpg"},{"@type":"WebSite","@id":"https:\/\/nationalcablespecialists.ca\/fr\/#website","url":"https:\/\/nationalcablespecialists.ca\/fr\/","name":"National Cable Specialists","description":"","publisher":{"@id":"https:\/\/nationalcablespecialists.ca\/fr\/#organization"},"potentialAction":[{"@type":"SearchAction","target":{"@type":"EntryPoint","urlTemplate":"https:\/\/nationalcablespecialists.ca\/fr\/?s={search_term_string}"},"query-input":{"@type":"PropertyValueSpecification","valueRequired":true,"valueName":"search_term_string"}}],"inLanguage":"fr-FR"},{"@type":"Organization","@id":"https:\/\/nationalcablespecialists.ca\/fr\/#organization","name":"National Cable Specialists","url":"https:\/\/nationalcablespecialists.ca\/fr\/","logo":{"@type":"ImageObject","inLanguage":"fr-FR","@id":"https:\/\/nationalcablespecialists.ca\/fr\/#\/schema\/logo\/image\/","url":"https:\/\/nationalcablespecialists.ca\/wp-content\/uploads\/2023\/01\/NCS_Lrg_Logo.png","contentUrl":"https:\/\/nationalcablespecialists.ca\/wp-content\/uploads\/2023\/01\/NCS_Lrg_Logo.png","width":1600,"height":840,"caption":"National Cable Specialists"},"image":{"@id":"https:\/\/nationalcablespecialists.ca\/fr\/#\/schema\/logo\/image\/"}},{"@type":"Person","@id":"https:\/\/nationalcablespecialists.ca\/fr\/#\/schema\/person\/972bc97f1958ab02f6fe45ce43fac087","name":"ncs23x03b2h","image":{"@type":"ImageObject","inLanguage":"fr-FR","@id":"https:\/\/nationalcablespecialists.ca\/fr\/#\/schema\/person\/image\/","url":"https:\/\/secure.gravatar.com\/avatar\/0462889076e9ea93613c09acc97881c936c30aafcf071f810e9991319d055366?s=96&d=mm&r=g","contentUrl":"https:\/\/secure.gravatar.com\/avatar\/0462889076e9ea93613c09acc97881c936c30aafcf071f810e9991319d055366?s=96&d=mm&r=g","caption":"ncs23x03b2h"}}]}},"_links":{"self":[{"href":"https:\/\/nationalcablespecialists.ca\/fr\/wp-json\/wp\/v2\/posts\/28049","targetHints":{"allow":["GET"]}}],"collection":[{"href":"https:\/\/nationalcablespecialists.ca\/fr\/wp-json\/wp\/v2\/posts"}],"about":[{"href":"https:\/\/nationalcablespecialists.ca\/fr\/wp-json\/wp\/v2\/types\/post"}],"author":[{"embeddable":true,"href":"https:\/\/nationalcablespecialists.ca\/fr\/wp-json\/wp\/v2\/users\/2"}],"replies":[{"embeddable":true,"href":"https:\/\/nationalcablespecialists.ca\/fr\/wp-json\/wp\/v2\/comments?post=28049"}],"version-history":[{"count":6,"href":"https:\/\/nationalcablespecialists.ca\/fr\/wp-json\/wp\/v2\/posts\/28049\/revisions"}],"predecessor-version":[{"id":28057,"href":"https:\/\/nationalcablespecialists.ca\/fr\/wp-json\/wp\/v2\/posts\/28049\/revisions\/28057"}],"wp:attachment":[{"href":"https:\/\/nationalcablespecialists.ca\/fr\/wp-json\/wp\/v2\/media?parent=28049"}],"wp:term":[{"taxonomy":"category","embeddable":true,"href":"https:\/\/nationalcablespecialists.ca\/fr\/wp-json\/wp\/v2\/categories?post=28049"},{"taxonomy":"post_tag","embeddable":true,"href":"https:\/\/nationalcablespecialists.ca\/fr\/wp-json\/wp\/v2\/tags?post=28049"}],"curies":[{"name":"wp","href":"https:\/\/api.w.org\/{rel}","templated":true}]}}